{"id":33,"date":"2019-01-21T17:13:20","date_gmt":"2019-01-21T16:13:20","guid":{"rendered":"https:\/\/gruenspecht.at\/tv\/?p=33"},"modified":"2019-01-22T21:12:08","modified_gmt":"2019-01-22T20:12:08","slug":"bahnhofsviertel-ried-im-innkreis","status":"publish","type":"post","link":"https:\/\/gruenspecht.at\/tv\/2019\/01\/21\/bahnhofsviertel-ried-im-innkreis\/","title":{"rendered":"Bahnhofsviertel Ried im Innkreis"},"content":{"rendered":"<p><iframe loading=\"lazy\" src=\"https:\/\/www.youtube-nocookie.com\/embed\/Bq-nxE7eil0\" width=\"560\" height=\"315\" frameborder=\"0\" allowfullscreen=\"allowfullscreen\"?vq=\"hd1080\"&#038;rel=\"0\"><\/iframe><br \/>\n<em>Wenn auch der Bau des neuen Terminals nicht reibungslos \u00fcber die B\u00fchne geht, so ist nach dessen Fertigstellung doch eine Belebung des Bahnhofs zu erwarten. Das l\u00e4sst die \u00e4u\u00dfere Bahnhofstra\u00dfe in den Focus des Beobachters r\u00fccken..<\/em><\/p>\n","protected":false},"excerpt":{"rendered":"<p>Wenn auch der Bau des neuen Terminals nicht reibungslos \u00fcber die B\u00fchne geht, so ist nach dessen Fertigstellung doch eine Belebung des Bahnhofs zu erwarten. Das l\u00e4sst die \u00e4u\u00dfere Bahnhofstra\u00dfe in den Focus des Beobachters r\u00fccken..<\/p>\n","protected":false},"author":3,"featured_media":0,"comment_status":"closed","ping_status":"closed","sticky":false,"template":"","format":"aside","meta":{"footnotes":""},"categories":[7],"tags":[],"class_list":["post-33","post","type-post","status-publish","format-aside","hentry","category-stadtentwicklung","post_format-post-format-aside"],"_links":{"self":[{"href":"https:\/\/gruenspecht.at\/tv\/wp-json\/wp\/v2\/posts\/33","targetHints":{"allow":["GET"]}}],"collection":[{"href":"https:\/\/gruenspecht.at\/tv\/wp-json\/wp\/v2\/posts"}],"about":[{"href":"https:\/\/gruenspecht.at\/tv\/wp-json\/wp\/v2\/types\/post"}],"author":[{"embeddable":true,"href":"https:\/\/gruenspecht.at\/tv\/wp-json\/wp\/v2\/users\/3"}],"replies":[{"embeddable":true,"href":"https:\/\/gruenspecht.at\/tv\/wp-json\/wp\/v2\/comments?post=33"}],"version-history":[{"count":32,"href":"https:\/\/gruenspecht.at\/tv\/wp-json\/wp\/v2\/posts\/33\/revisions"}],"predecessor-version":[{"id":77,"href":"https:\/\/gruenspecht.at\/tv\/wp-json\/wp\/v2\/posts\/33\/revisions\/77"}],"wp:attachment":[{"href":"https:\/\/gruenspecht.at\/tv\/wp-json\/wp\/v2\/media?parent=33"}],"wp:term":[{"taxonomy":"category","embeddable":true,"href":"https:\/\/gruenspecht.at\/tv\/wp-json\/wp\/v2\/categories?post=33"},{"taxonomy":"post_tag","embeddable":true,"href":"https:\/\/gruenspecht.at\/tv\/wp-json\/wp\/v2\/tags?post=33"}],"curies":[{"name":"wp","href":"https:\/\/api.w.org\/{rel}","templated":true}]}}