{"id":223,"date":"2024-09-08T15:17:20","date_gmt":"2024-09-08T13:17:20","guid":{"rendered":"https:\/\/gruenspecht.at\/tv\/?p=223"},"modified":"2024-09-08T15:41:37","modified_gmt":"2024-09-08T13:41:37","slug":"stadtrat-lukas-oberwagner-zur-renaturierung","status":"publish","type":"post","link":"https:\/\/gruenspecht.at\/tv\/2024\/09\/08\/stadtrat-lukas-oberwagner-zur-renaturierung\/","title":{"rendered":"Stadtrat Lukas Oberwagner zur Renaturierung"},"content":{"rendered":"\n<figure class=\"wp-block-embed is-type-video is-provider-youtube wp-block-embed-youtube wp-embed-aspect-16-9 wp-has-aspect-ratio\"><div class=\"wp-block-embed__wrapper\">\n<iframe loading=\"lazy\" hcb-fetch-image-from=\"https:\/\/youtu.be\/GblEu4319RA\" title=\"Stadtrat Lukas Oberwagner zur Renaturierung der B\u00e4che Rieds\" width=\"525\" height=\"295\" src=\"https:\/\/www.youtube.com\/embed\/GblEu4319RA?feature=oembed\" frameborder=\"0\" allow=\"accelerometer; autoplay; clipboard-write; encrypted-media; gyroscope; picture-in-picture; web-share\" referrerpolicy=\"strict-origin-when-cross-origin\" allowfullscreen><\/iframe>\n<\/div><figcaption class=\"wp-element-caption\">Video: Gr\u00fcne Ried<\/figcaption><\/figure>\n\n\n\n<p>Natur-, Umwelt- und Tierschutz und damit auch dem Wohlergehen der Menschen in diesem Land sind f\u00fcr ein gutes Morgen unabdingbar. Denn die Klimakrise ist jetzt: Jedes Extremwetterereignis zeigt uns, wie wichtig gesunde B\u00f6den und der Erhalt von nat\u00fcrlichen Lebensr\u00e4umen f\u00fcr Pflanzen und Tiere sind.&nbsp;Zu viele \u00c4cker, Wiesen und W\u00e4lder sind der Betonierwut bereits zum Opfer gefallen.<\/p>\n\n\n\n<!--more-->\n\n\n\n<p><strong>Wir wollen:<\/strong><\/p>\n\n\n\n<ul class=\"wp-block-list\">\n<li>eine verbindliche Bodenschutzstrategie, die den Fl\u00e4chenverbrauch auf 2,5 Hektar pro Tag beschr\u00e4nkt \u2013 denn Bodenschutz ist Trinkwasserschutz, Hochwasserschutz, Nahrungsmittelschutz und letztlich Menschenschutz.<\/li>\n\n\n\n<li>die wertvolle Ressource Boden sch\u00fctzen und das Betonieren mit in die Rechnung und unser Steuersystem nehmen, wie das f\u00fcr klimasch\u00e4dliches CO<sub>2&nbsp;<\/sub>mit der \u00f6kosozialen Steuerreform bereits gelungen ist.<\/li>\n\n\n\n<li>mit Tiny Forests \u2013 kleinen Stadtw\u00e4ldern \u2013 Hitze reduzieren, Wasser speichern, L\u00e4rm d\u00e4mmen und entsiegelte Fl\u00e4chen schnell in gesunde Natur verwandeln, die letztlich unsere Gesundheit sch\u00fctzt.<\/li>\n\n\n\n<li>daf\u00fcr Sorge tragen, dass das EU-Renaturierungsgesetz in \u00d6sterreich gut umgesetzt wird.<\/li>\n\n\n\n<li>Fl\u00fcsse in ihren nat\u00fcrlichen Zustand zur\u00fcckversetzen, um die Menschen vor Hochwasser zu sch\u00fctzen und viel Leid und Schaden abzuwenden<\/li>\n<\/ul>\n\n\n\n<hr class=\"wp-block-separator has-alpha-channel-opacity is-style-wide\"\/>\n\n\n\n<p>\u201eWenn du up to date bleiben m\u00f6chtest, abonniere unseren&nbsp;<a href=\"https:\/\/gruenspecht.at\/newsletter-anmeldung\/\">Newsletter<\/a>\u201e<\/p>\n\n\n\n<hr class=\"wp-block-separator has-alpha-channel-opacity is-style-wide\"\/>\n\n\n\n<figure class=\"wp-block-image size-full\"><img loading=\"lazy\" decoding=\"async\" width=\"768\" height=\"149\" src=\"https:\/\/gruenspecht.at\/tv\/wp-content\/uploads\/sites\/6\/2024\/09\/join-the-green-team-768x149-1.jpg\" alt=\"\" class=\"wp-image-226\" srcset=\"https:\/\/gruenspecht.at\/tv\/wp-content\/uploads\/sites\/6\/2024\/09\/join-the-green-team-768x149-1.jpg 768w, https:\/\/gruenspecht.at\/tv\/wp-content\/uploads\/sites\/6\/2024\/09\/join-the-green-team-768x149-1-300x58.jpg 300w\" sizes=\"auto, (max-width: 767px) 89vw, (max-width: 1000px) 54vw, (max-width: 1071px) 543px, 580px\" \/><\/figure>\n\n\n\n<hr class=\"wp-block-separator has-alpha-channel-opacity is-style-wide\"\/>\n","protected":false},"excerpt":{"rendered":"<p>Natur-, Umwelt- und Tierschutz und damit auch dem Wohlergehen der Menschen in diesem Land sind f\u00fcr ein gutes Morgen unabdingbar. Denn die Klimakrise ist jetzt: Jedes Extremwetterereignis zeigt uns, wie wichtig gesunde B\u00f6den und der Erhalt von nat\u00fcrlichen Lebensr\u00e4umen f\u00fcr Pflanzen und Tiere sind.&nbsp;Zu viele \u00c4cker, Wiesen und W\u00e4lder sind der Betonierwut bereits zum Opfer &hellip; <\/p>\n<p class=\"link-more\"><a href=\"https:\/\/gruenspecht.at\/tv\/2024\/09\/08\/stadtrat-lukas-oberwagner-zur-renaturierung\/\" class=\"more-link\"><span class=\"screen-reader-text\">\u201eStadtrat Lukas Oberwagner zur Renaturierung\u201c <\/span>weiterlesen<\/a><\/p>\n","protected":false},"author":1,"featured_media":0,"comment_status":"closed","ping_status":"closed","sticky":false,"template":"","format":"aside","meta":{"footnotes":""},"categories":[9],"tags":[],"class_list":["post-223","post","type-post","status-publish","format-aside","hentry","category-umwelt","post_format-post-format-aside"],"_links":{"self":[{"href":"https:\/\/gruenspecht.at\/tv\/wp-json\/wp\/v2\/posts\/223","targetHints":{"allow":["GET"]}}],"collection":[{"href":"https:\/\/gruenspecht.at\/tv\/wp-json\/wp\/v2\/posts"}],"about":[{"href":"https:\/\/gruenspecht.at\/tv\/wp-json\/wp\/v2\/types\/post"}],"author":[{"embeddable":true,"href":"https:\/\/gruenspecht.at\/tv\/wp-json\/wp\/v2\/users\/1"}],"replies":[{"embeddable":true,"href":"https:\/\/gruenspecht.at\/tv\/wp-json\/wp\/v2\/comments?post=223"}],"version-history":[{"count":3,"href":"https:\/\/gruenspecht.at\/tv\/wp-json\/wp\/v2\/posts\/223\/revisions"}],"predecessor-version":[{"id":231,"href":"https:\/\/gruenspecht.at\/tv\/wp-json\/wp\/v2\/posts\/223\/revisions\/231"}],"wp:attachment":[{"href":"https:\/\/gruenspecht.at\/tv\/wp-json\/wp\/v2\/media?parent=223"}],"wp:term":[{"taxonomy":"category","embeddable":true,"href":"https:\/\/gruenspecht.at\/tv\/wp-json\/wp\/v2\/categories?post=223"},{"taxonomy":"post_tag","embeddable":true,"href":"https:\/\/gruenspecht.at\/tv\/wp-json\/wp\/v2\/tags?post=223"}],"curies":[{"name":"wp","href":"https:\/\/api.w.org\/{rel}","templated":true}]}}