{"id":233,"date":"2018-07-21T15:47:15","date_gmt":"2018-07-21T13:47:15","guid":{"rendered":"https:\/\/gruenspecht.at\/gastbeitraege\/?p=233"},"modified":"2018-07-21T15:48:59","modified_gmt":"2018-07-21T13:48:59","slug":"zukunft-trinkwasser-innviertel022","status":"publish","type":"post","link":"https:\/\/gruenspecht.at\/gastbeitraege\/2018\/07\/21\/zukunft-trinkwasser-innviertel022\/","title":{"rendered":"#zukunft-trinkwasser-innviertel022"},"content":{"rendered":"<p><img loading=\"lazy\" decoding=\"async\" class=\"alignnone size-full wp-image-234\" src=\"https:\/\/gruenspecht.at\/gastbeitraege\/wp-content\/uploads\/sites\/2\/2018\/07\/trinkwasser022.2.jpg\" alt=\"Trinkwasser022\" width=\"850\" height=\"530\" srcset=\"https:\/\/gruenspecht.at\/gastbeitraege\/wp-content\/uploads\/sites\/2\/2018\/07\/trinkwasser022.2.jpg 850w, https:\/\/gruenspecht.at\/gastbeitraege\/wp-content\/uploads\/sites\/2\/2018\/07\/trinkwasser022.2-300x187.jpg 300w, https:\/\/gruenspecht.at\/gastbeitraege\/wp-content\/uploads\/sites\/2\/2018\/07\/trinkwasser022.2-768x479.jpg 768w\" sizes=\"auto, (max-width: 767px) 89vw, (max-width: 1000px) 54vw, (max-width: 1071px) 543px, 580px\" \/><\/p>\n<h1>Das \u201eAkteursnetzwerk\u201c Kobernau\u00dferwald<\/h1>\n<h3>Es mag lange gedauert haben bis man erkannte, dass der Kobernau\u00dferwald mehr ist als ein riesiger \u201eWirtschaftswald\u201c, der sich locker mit zunehmendem Verkehr, mit immer h\u00f6heren Windr\u00e4dern, mit ehemaligen und neuen Schottergruben und nun gar mit einer \u00fcberdimensionierten Baurestmassendeponie vertr\u00e4gt.Und es mag zu lange gedauert haben bis man erkannte, dass der Schutz des Kobernau\u00dferwaldes vor allem eines ist: eine Investition in die Zukunft!<\/h3>\n<p><!--more--><br \/>\n<figure id=\"attachment_235\" aria-describedby=\"caption-attachment-235\" style=\"width: 850px\" class=\"wp-caption alignnone\"><img loading=\"lazy\" decoding=\"async\" class=\"size-full wp-image-235\" src=\"https:\/\/gruenspecht.at\/gastbeitraege\/wp-content\/uploads\/sites\/2\/2018\/07\/trinkwasser022.1.jpg\" alt=\"Trinkwasser022\" width=\"850\" height=\"532\" srcset=\"https:\/\/gruenspecht.at\/gastbeitraege\/wp-content\/uploads\/sites\/2\/2018\/07\/trinkwasser022.1.jpg 850w, https:\/\/gruenspecht.at\/gastbeitraege\/wp-content\/uploads\/sites\/2\/2018\/07\/trinkwasser022.1-300x188.jpg 300w, https:\/\/gruenspecht.at\/gastbeitraege\/wp-content\/uploads\/sites\/2\/2018\/07\/trinkwasser022.1-768x481.jpg 768w\" sizes=\"auto, (max-width: 767px) 89vw, (max-width: 1000px) 54vw, (max-width: 1071px) 543px, 580px\" \/><figcaption id=\"caption-attachment-235\" class=\"wp-caption-text\">Bild: Kobernau\u00dferwald<\/figcaption><\/figure><\/p>\n<p>Den Akteuren von ZUKUNFT WALDZELL ist das bewusst und deshalb haben sie das<\/p>\n<p style=\"text-align: center\"><strong>MANIFEST<br \/>\n\u201eGesundes Trinkwasser aus dem Kobernau\u00dferwald\u201c<\/strong><\/p>\n<p>verfasst und andere Akteure eingeladen, dieses Manifest zu beschlie\u00dfen, denn was heute in Waldzell passiert, kann sich morgen in jeder anderen Gemeinde ereignen.<br \/>\nDie Einladung wurde angenommen und so sind mit Stand Juli 2018 bereits 15 Gemeinden sowie mehrere Wassergenossenschaften und verschiedene Vereine diesem Aufruf gefolgt. Demnach sind die Gemeinden<\/p>\n<p><strong>Waldzell, Lohnsburg, Schildorn, Pramet, Eberschwang, Geboltskirchen, Frankenburg, Redleiten, Fornach, Lengau, P\u00f6ndorf, St. Johann a. W., Maria Schmolln und Schalchen sowie seit 05. Juli 2018 die Bezirkshauptstadt Ried im Innkreis<\/strong><\/p>\n<p style=\"text-align: center\">wie wir vom<br \/>\n<strong>Verein<br \/>\nZUKUNFT WALDZELL<\/strong><br \/>\nder Meinung,<\/p>\n<p style=\"text-align: center\"><strong>dass der Standort Schwendt in Waldzell f\u00fcr eine Baurestmassendeponie v\u00f6llig ungeeignet ist<\/strong><\/p>\n<p>und sprechen sich wie wir gegen die Errichtung derartiger Anlagen an so sensiblen Standorten in der Region Kobernau\u00dfer- und Hausruckwald aus, denn:<\/p>\n<p><strong>Die Natur hat diese Region mit einem Schatz beschenkt, um den uns viele Menschen beneiden: gesundes Trinkwasser. Wir sind dankbar f\u00fcr dieses Geschenk. Wir sind uns aber auch der Verantwortung bewusst, die mit diesem Geschenk, dem wertvollsten aller Lebensmittel, verbunden ist:\u00a0 Wir m\u00fcssen damit so sorgsam umgehen, dass es auch k\u00fcnftigen Generationen zur Verf\u00fcgung steht.<\/strong><\/p>\n<p><strong>Wir sind \u00fcberzeugt, dass mit dieser Erkl\u00e4rung ein wichtiger Beitrag zur immerw\u00e4hrenden Versorgung der Menschen mit gesundem Trinkwasser aus der Region geleistet wird.<\/strong><br \/>\n<img loading=\"lazy\" decoding=\"async\" class=\"alignnone size-full wp-image-236\" src=\"https:\/\/gruenspecht.at\/gastbeitraege\/wp-content\/uploads\/sites\/2\/2018\/07\/trinkwasser022.3.jpg\" alt=\"Manifest Trinkwasser\" width=\"850\" height=\"601\" srcset=\"https:\/\/gruenspecht.at\/gastbeitraege\/wp-content\/uploads\/sites\/2\/2018\/07\/trinkwasser022.3.jpg 850w, https:\/\/gruenspecht.at\/gastbeitraege\/wp-content\/uploads\/sites\/2\/2018\/07\/trinkwasser022.3-300x212.jpg 300w, https:\/\/gruenspecht.at\/gastbeitraege\/wp-content\/uploads\/sites\/2\/2018\/07\/trinkwasser022.3-768x543.jpg 768w\" sizes=\"auto, (max-width: 767px) 89vw, (max-width: 1000px) 54vw, (max-width: 1071px) 543px, 580px\" \/><img loading=\"lazy\" decoding=\"async\" class=\"alignnone size-full wp-image-237\" src=\"https:\/\/gruenspecht.at\/gastbeitraege\/wp-content\/uploads\/sites\/2\/2018\/07\/trinkwasser022.4.jpg\" alt=\"Manifest Trinkwasser\" width=\"850\" height=\"601\" srcset=\"https:\/\/gruenspecht.at\/gastbeitraege\/wp-content\/uploads\/sites\/2\/2018\/07\/trinkwasser022.4.jpg 850w, https:\/\/gruenspecht.at\/gastbeitraege\/wp-content\/uploads\/sites\/2\/2018\/07\/trinkwasser022.4-300x212.jpg 300w, https:\/\/gruenspecht.at\/gastbeitraege\/wp-content\/uploads\/sites\/2\/2018\/07\/trinkwasser022.4-768x543.jpg 768w\" sizes=\"auto, (max-width: 767px) 89vw, (max-width: 1000px) 54vw, (max-width: 1071px) 543px, 580px\" \/><\/p>\n","protected":false},"excerpt":{"rendered":"<p>Das \u201eAkteursnetzwerk\u201c Kobernau\u00dferwald Es mag lange gedauert haben bis man erkannte, dass der Kobernau\u00dferwald mehr ist als ein riesiger \u201eWirtschaftswald\u201c, der sich locker mit zunehmendem Verkehr, mit immer h\u00f6heren Windr\u00e4dern, mit ehemaligen und neuen Schottergruben und nun gar mit einer \u00fcberdimensionierten Baurestmassendeponie vertr\u00e4gt.Und es mag zu lange gedauert haben bis man erkannte, dass der Schutz &hellip; <\/p>\n<p class=\"link-more\"><a href=\"https:\/\/gruenspecht.at\/gastbeitraege\/2018\/07\/21\/zukunft-trinkwasser-innviertel022\/\" class=\"more-link\"><span class=\"screen-reader-text\">\u201e#zukunft-trinkwasser-innviertel022\u201c <\/span>weiterlesen<\/a><\/p>\n","protected":false},"author":2,"featured_media":0,"comment_status":"closed","ping_status":"closed","sticky":false,"template":"","format":"aside","meta":{"footnotes":""},"categories":[8],"tags":[],"class_list":["post-233","post","type-post","status-publish","format-aside","hentry","category-trinkwasser","post_format-post-format-aside"],"_links":{"self":[{"href":"https:\/\/gruenspecht.at\/gastbeitraege\/wp-json\/wp\/v2\/posts\/233","targetHints":{"allow":["GET"]}}],"collection":[{"href":"https:\/\/gruenspecht.at\/gastbeitraege\/wp-json\/wp\/v2\/posts"}],"about":[{"href":"https:\/\/gruenspecht.at\/gastbeitraege\/wp-json\/wp\/v2\/types\/post"}],"author":[{"embeddable":true,"href":"https:\/\/gruenspecht.at\/gastbeitraege\/wp-json\/wp\/v2\/users\/2"}],"replies":[{"embeddable":true,"href":"https:\/\/gruenspecht.at\/gastbeitraege\/wp-json\/wp\/v2\/comments?post=233"}],"version-history":[{"count":4,"href":"https:\/\/gruenspecht.at\/gastbeitraege\/wp-json\/wp\/v2\/posts\/233\/revisions"}],"predecessor-version":[{"id":241,"href":"https:\/\/gruenspecht.at\/gastbeitraege\/wp-json\/wp\/v2\/posts\/233\/revisions\/241"}],"wp:attachment":[{"href":"https:\/\/gruenspecht.at\/gastbeitraege\/wp-json\/wp\/v2\/media?parent=233"}],"wp:term":[{"taxonomy":"category","embeddable":true,"href":"https:\/\/gruenspecht.at\/gastbeitraege\/wp-json\/wp\/v2\/categories?post=233"},{"taxonomy":"post_tag","embeddable":true,"href":"https:\/\/gruenspecht.at\/gastbeitraege\/wp-json\/wp\/v2\/tags?post=233"}],"curies":[{"name":"wp","href":"https:\/\/api.w.org\/{rel}","templated":true}]}}