{"id":177,"date":"2018-06-14T10:30:30","date_gmt":"2018-06-14T08:30:30","guid":{"rendered":"https:\/\/gruenspecht.at\/gastbeitraege\/?p=177"},"modified":"2018-06-15T13:54:28","modified_gmt":"2018-06-15T11:54:28","slug":"zukunft-trinkwasser-innviertel016","status":"publish","type":"post","link":"https:\/\/gruenspecht.at\/gastbeitraege\/2018\/06\/14\/zukunft-trinkwasser-innviertel016\/","title":{"rendered":"#zukunft-trinkwasser-innviertel016"},"content":{"rendered":"<p><img loading=\"lazy\" decoding=\"async\" class=\"aligncenter size-full wp-image-178\" src=\"https:\/\/gruenspecht.at\/gastbeitraege\/wp-content\/uploads\/sites\/2\/2018\/06\/trinkwasser016.1.jpg\" alt=\"\u201eWieviel Wasser wollt ihr denn noch sch\u00fctzen?\u201c\" width=\"850\" height=\"530\" srcset=\"https:\/\/gruenspecht.at\/gastbeitraege\/wp-content\/uploads\/sites\/2\/2018\/06\/trinkwasser016.1.jpg 850w, https:\/\/gruenspecht.at\/gastbeitraege\/wp-content\/uploads\/sites\/2\/2018\/06\/trinkwasser016.1-300x187.jpg 300w, https:\/\/gruenspecht.at\/gastbeitraege\/wp-content\/uploads\/sites\/2\/2018\/06\/trinkwasser016.1-768x479.jpg 768w\" sizes=\"auto, (max-width: 767px) 89vw, (max-width: 1000px) 54vw, (max-width: 1071px) 543px, 580px\" \/><\/p>\n<h1>\u201eWieviel Wasser wollt ihr denn noch sch\u00fctzen?\u201c<\/h1>\n<h3>\u201eWieviel Wasser wollt ihr denn noch sch\u00fctzen?\u201c Diese provokante Frage stellte nicht etwa ein ahnungsloser Politiker, sondern \u2013 so erinnert sich ein hochrangiger Mitarbeiter im Amt der Ober\u00f6sterreichischen Landesregierung anl\u00e4sslich eines Gespr\u00e4chs zwischen Vereins- und Gemeindevertretern und \u201eWasser-Landesrat\u201c Elmar Podgorschek \u2013 ein Mitbewerber aus der Schotter-Branche.<\/h3>\n<p>Diese Frage war aber nicht das einzige Statement, das bei manchen der Gespr\u00e4chsteilnehmer Irritationen ausl\u00f6ste. Auch der Hinweis, dass es neben uns (Verein ZUKUNFT WALDZELL, Gemeinde, Anm.) auch noch die \u201eandere Seite\u201c g\u00e4be und diese Seite andere Interessen verfolge, verst\u00f6rte \u2013 und befreite zugleich, denn auf die Frage, wer denn mit der \u201eanderen Seite\u201c gemeint sei, antwortete er ganz offenherzig: \u201eDie Wirtschaft.\u201c Und auf unser Dr\u00e4ngen, ob er diese Aussage pr\u00e4zisieren k\u00f6nne, meinte er wortw\u00f6rtlich: \u201eDie Schotterbarone!\u201c<br \/>\nDamit haben wir es quasi amtlich, was ohnehin jeder halbwegs informierte B\u00fcrger und jede B\u00fcrgerin wei\u00df: Politische Entscheidungen werden nicht ausschlie\u00dflich auf Basis von Sachlichkeit getroffen! Lobbyismus gibt es auf allen Ebenen der Politik, von der Gemeinde bis zur EU.<!--more--><\/p>\n<figure id=\"attachment_186\" aria-describedby=\"caption-attachment-186\" style=\"width: 850px\" class=\"wp-caption aligncenter\"><img loading=\"lazy\" decoding=\"async\" class=\"size-full wp-image-186\" src=\"https:\/\/gruenspecht.at\/gastbeitraege\/wp-content\/uploads\/sites\/2\/2018\/06\/trinkwasser016.3.jpg\" alt=\"Wieviel Wasser wollt ihr denn noch sch\u00fctzen?\" width=\"850\" height=\"520\" srcset=\"https:\/\/gruenspecht.at\/gastbeitraege\/wp-content\/uploads\/sites\/2\/2018\/06\/trinkwasser016.3.jpg 850w, https:\/\/gruenspecht.at\/gastbeitraege\/wp-content\/uploads\/sites\/2\/2018\/06\/trinkwasser016.3-300x184.jpg 300w, https:\/\/gruenspecht.at\/gastbeitraege\/wp-content\/uploads\/sites\/2\/2018\/06\/trinkwasser016.3-768x470.jpg 768w\" sizes=\"auto, (max-width: 767px) 89vw, (max-width: 1000px) 54vw, (max-width: 1071px) 543px, 580px\" \/><figcaption id=\"caption-attachment-186\" class=\"wp-caption-text\">Bild: Gr\u00fcnspecht &#8211; wertvolles Gut Wasser<\/figcaption><\/figure>\n<p>\u201eNationaler Gew\u00e4sserbewirtschaftungsplan\u201c hei\u00dft das Druckwerk, das im Auftrag des Umweltministeriums alle sechs Jahre erstellt wird. Der aktuelle Plan stammt von 2015 und fordert u.a. \u201eGrundwasser so zu sch\u00fctzen, dass eine schrittweise Reduzierung der Verschmutzung und Verhinderung der weiteren Verschmutzung sichergestellt wird.\u201c Damit \u00fcbernimmt man eine von vielen Forderungen der EU, die mit der sogenannten \u201eWasserrahmenrichtlinie\u201c erhoben wurden und mit der sich auch der Umweltdachverband besch\u00e4ftigt hat. In einer seiner Publikationen erf\u00e4hrt man n\u00e4mlich, dass es das Ziel der Mitgliedstaaten sei, \u201e<strong>alle<\/strong> Grundwasserk\u00f6rper zu sch\u00fctzen, verbessern und zu sanieren.\u201c \u201eAlle Grundwasserk\u00f6rper\u201c, das bedeutet f\u00fcr \u00d6sterreich den Schutz von 138 Grundwasserk\u00f6rpern, den oberfl\u00e4chennahen und den Tiefengrundwasserk\u00f6rpern. Letztere nehmen, \u201edurch nahezu undurchl\u00e4ssige Deckschichten (Tone und Lehme) und ihre Tiefenlage besonders vor Umwelteinfl\u00fcssen gesch\u00fctzt, im Fall von Katastrophen, z.B. bei gro\u00dffl\u00e4chigen Kontaminationen, als Notversorgung eine wichtige Position innerhalb der Wasserversorgung ein.\u201c<br \/>\nDas kann f\u00fcr unsere Region bzw. f\u00fcr ganz Ober\u00f6sterreich doch nur bedeuten, dass der bereits im Jahr 2012 vom Umweltbundesamt ausgewiesene 916 km\u00b2 gro\u00dfe Einzelgrundwasserk\u00f6rper Kobernau\u00dferwald-Hausruck, der von Mattighofen im Westen bis Lambach im Osten und von Altheim im Norden bis Frankenmarkt im S\u00fcden reicht, besonderen Schutz verdient. Doch davon wollten die Landesregierung und die Abteilung Grund- und Trinkwasserwirtschaft 2016 nichts wissen. Wie im Beitrag <a href=\"https:\/\/gruenspecht.at\/gastbeitraege\/2018\/04\/15\/zukunft-trinkwasser-innviertel008-geologie-des-kobernausserwaldes\/\">Zukunft Trinkwasser Innviertel 008<\/a> beschrieben, wurde die Grundwasservorrangfl\u00e4che Kobernau\u00dferwald reduziert und in eine Kern- und eine Randzone zerlegt. Im Mittelpunkt k\u00fcnftiger Grundwasserentnahmen steht dabei der 150 km\u00b2 gro\u00dfe Grundwasserspeicher, ein \u201eGrundwasserberg\u201c mit einer M\u00e4chtigkeit von 100 m, der insbesondere in seinem westlichen und s\u00fcdwestlichen Randbereich gr\u00f6\u00dfere Entnahmen bis in eine Gr\u00f6\u00dfenordnung von 100 l\/s \u2013 aus entsprechend ausgebauten Brunnenanlagen &#8211; als m\u00f6glich erscheinen l\u00e4sst.<\/p>\n<p>Wolfgang Pirker<\/p>\n","protected":false},"excerpt":{"rendered":"<p>\u201eWieviel Wasser wollt ihr denn noch sch\u00fctzen?\u201c \u201eWieviel Wasser wollt ihr denn noch sch\u00fctzen?\u201c Diese provokante Frage stellte nicht etwa ein ahnungsloser Politiker, sondern \u2013 so erinnert sich ein hochrangiger Mitarbeiter im Amt der Ober\u00f6sterreichischen Landesregierung anl\u00e4sslich eines Gespr\u00e4chs zwischen Vereins- und Gemeindevertretern und \u201eWasser-Landesrat\u201c Elmar Podgorschek \u2013 ein Mitbewerber aus der Schotter-Branche. Diese Frage &hellip; <\/p>\n<p class=\"link-more\"><a href=\"https:\/\/gruenspecht.at\/gastbeitraege\/2018\/06\/14\/zukunft-trinkwasser-innviertel016\/\" class=\"more-link\"><span class=\"screen-reader-text\">\u201e#zukunft-trinkwasser-innviertel016\u201c <\/span>weiterlesen<\/a><\/p>\n","protected":false},"author":2,"featured_media":0,"comment_status":"closed","ping_status":"closed","sticky":false,"template":"","format":"aside","meta":{"footnotes":""},"categories":[8],"tags":[],"class_list":["post-177","post","type-post","status-publish","format-aside","hentry","category-trinkwasser","post_format-post-format-aside"],"_links":{"self":[{"href":"https:\/\/gruenspecht.at\/gastbeitraege\/wp-json\/wp\/v2\/posts\/177","targetHints":{"allow":["GET"]}}],"collection":[{"href":"https:\/\/gruenspecht.at\/gastbeitraege\/wp-json\/wp\/v2\/posts"}],"about":[{"href":"https:\/\/gruenspecht.at\/gastbeitraege\/wp-json\/wp\/v2\/types\/post"}],"author":[{"embeddable":true,"href":"https:\/\/gruenspecht.at\/gastbeitraege\/wp-json\/wp\/v2\/users\/2"}],"replies":[{"embeddable":true,"href":"https:\/\/gruenspecht.at\/gastbeitraege\/wp-json\/wp\/v2\/comments?post=177"}],"version-history":[{"count":10,"href":"https:\/\/gruenspecht.at\/gastbeitraege\/wp-json\/wp\/v2\/posts\/177\/revisions"}],"predecessor-version":[{"id":190,"href":"https:\/\/gruenspecht.at\/gastbeitraege\/wp-json\/wp\/v2\/posts\/177\/revisions\/190"}],"wp:attachment":[{"href":"https:\/\/gruenspecht.at\/gastbeitraege\/wp-json\/wp\/v2\/media?parent=177"}],"wp:term":[{"taxonomy":"category","embeddable":true,"href":"https:\/\/gruenspecht.at\/gastbeitraege\/wp-json\/wp\/v2\/categories?post=177"},{"taxonomy":"post_tag","embeddable":true,"href":"https:\/\/gruenspecht.at\/gastbeitraege\/wp-json\/wp\/v2\/tags?post=177"}],"curies":[{"name":"wp","href":"https:\/\/api.w.org\/{rel}","templated":true}]}}