{"id":131,"date":"2018-04-24T18:46:48","date_gmt":"2018-04-24T16:46:48","guid":{"rendered":"https:\/\/gruenspecht.at\/gastbeitraege\/?p=131"},"modified":"2018-04-24T20:39:02","modified_gmt":"2018-04-24T18:39:02","slug":"zukunft-trinkwasser-innviertel010","status":"publish","type":"post","link":"https:\/\/gruenspecht.at\/gastbeitraege\/2018\/04\/24\/zukunft-trinkwasser-innviertel010\/","title":{"rendered":"#zukunft-trinkwasser-innviertel010"},"content":{"rendered":"<p><img loading=\"lazy\" decoding=\"async\" class=\"aligncenter size-full wp-image-132\" src=\"https:\/\/gruenspecht.at\/gastbeitraege\/wp-content\/uploads\/sites\/2\/2018\/04\/trinkwasser010.1.jpg\" alt=\"Trinkwasser010\" width=\"850\" height=\"530\" srcset=\"https:\/\/gruenspecht.at\/gastbeitraege\/wp-content\/uploads\/sites\/2\/2018\/04\/trinkwasser010.1.jpg 850w, https:\/\/gruenspecht.at\/gastbeitraege\/wp-content\/uploads\/sites\/2\/2018\/04\/trinkwasser010.1-300x187.jpg 300w, https:\/\/gruenspecht.at\/gastbeitraege\/wp-content\/uploads\/sites\/2\/2018\/04\/trinkwasser010.1-768x479.jpg 768w\" sizes=\"auto, (max-width: 767px) 89vw, (max-width: 1000px) 54vw, (max-width: 1071px) 543px, 580px\" \/><\/p>\n<h1>Wenn Recht zu Unrecht wird, wird Widerstand zur Pflicht!<\/h1>\n<h3>Vielleicht hat man uns untersch\u00e4tzt. Wussten weite Teile der Bev\u00f6lkerung Anfang Juli 2017 noch recht wenig \u00fcber das im September 2016 beim Land O\u00d6 eingereichte Projekt der Baurestmassendeponie, so entwickelte sich unser Verein ZUKUNFT WALDZELL innerhalb weniger Monate zur Informationsdrehscheibe und Zentrale des Widerstandes.<\/h3>\n<p><!--more--><br \/>\nDank der Spendenfreudigkeit vieler Menschen und der Beteiligung der Gemeinde Waldzell waren wir bald mit einem guten finanziellen Polster ausgestattet und somit in unserer t\u00e4glichen Entscheidungsfindung unabh\u00e4ngig. Zu tun gab es genug.<br \/>\nMit dem Wiener Univ. Doz. Dr. Wolfgang List wurde ein Anwalt engagiert, der innerhalb weniger Wochen ein Rechtsgutachten erstellte, in dem \u201eder rechtswidrige Betrieb der Kiesgrube Schwendt durch die H. Burgstaller GmbH im Detail untersucht wird.\u201c Dieses Gutachten wurde an die Bezirkshauptmannschaft und Staatsanwaltschaft Ried i. I., an den Landeshauptmann, an Printmedien und an den ORF \u00fcbergeben. Es kam Bewegung in die Sache.<br \/>\nDie Bezirkshauptmannschaft f\u00fchrte ab nun Kontrollen durch wie nie zuvor, die Staatsanwaltschaft wurde t\u00e4tig und ermittelte. Zeitungen berichteten umfassend und der ORF schickte ein Fernsehteam nach Waldzell. Der Widerstand gegen die Baurestmassendeponie wurde ein Thema f\u00fcr die Sendung \u201eB\u00fcrgeranwalt\u201c.<\/p>\n<figure id=\"attachment_133\" aria-describedby=\"caption-attachment-133\" style=\"width: 850px\" class=\"wp-caption aligncenter\"><img loading=\"lazy\" decoding=\"async\" class=\"size-full wp-image-133\" src=\"https:\/\/gruenspecht.at\/gastbeitraege\/wp-content\/uploads\/sites\/2\/2018\/04\/trinkwasser010.3.jpg\" alt=\"Trinkwasser010\" width=\"850\" height=\"486\" srcset=\"https:\/\/gruenspecht.at\/gastbeitraege\/wp-content\/uploads\/sites\/2\/2018\/04\/trinkwasser010.3.jpg 850w, https:\/\/gruenspecht.at\/gastbeitraege\/wp-content\/uploads\/sites\/2\/2018\/04\/trinkwasser010.3-300x172.jpg 300w, https:\/\/gruenspecht.at\/gastbeitraege\/wp-content\/uploads\/sites\/2\/2018\/04\/trinkwasser010.3-768x439.jpg 768w\" sizes=\"auto, (max-width: 767px) 89vw, (max-width: 1000px) 54vw, (max-width: 1071px) 543px, 580px\" \/><figcaption id=\"caption-attachment-133\" class=\"wp-caption-text\">Bild: Widerstand in Waldzell<\/figcaption><\/figure>\n<p>Gleichzeitig richtete Christian Makor, SP\u00d6-Klubobmann im O\u00d6. Landtag, gemeinsam mit seinem Kollegen Erich Rippl, der auch B\u00fcrgermeister von Lengau ist,\u00a0 eine aus vielen Punkten bestehende Anfrage an\u00a0 den Landeshauptmannstellvertreter Strugl. Aus der Beantwortung dieser Anfrage geht u.a. hervor, dass die Schottergrube in Schwendt in den ersten 14 Jahren ihres Bestehens nur zwei Mal \u00fcberpr\u00fcft worden war und dass allein \u201eaufgrund der im heurigen Jahr (2017, Anm.) festgestellten M\u00e4ngel seitens der Beh\u00f6rde ein Verwaltungsstrafverfahren eingeleitet wurde.\u201c<\/p>\n<p>Stefan Salhofer vom Verein <a href=\"http:\/\/www.zukunftwaldzell.at\/\">ZUKUNFT WALDZELL<\/a> schrieb einen \u201eOffenen Brief\u201c an alle Landtagsabgeordneten von Ober\u00f6sterreich und am 6. Dezember 2017 besuchte eine Delegation aus Waldzell den Landeshauptmann Thomas Stelzer.<\/p>\n<p>Und alle Vereinsmitglieder zusammen organisierten beim Schmiedwirt mehrere gro\u00dfe Informationsabende, zu denen hunderte B\u00fcrgerinnen und B\u00fcrger kamen und uns so den R\u00fccken st\u00e4rkten.<\/p>\n<p>Denn auch sie waren &#8211; und sind nach wie vor &#8211; \u00fcberzeugt: \u201eWenn Recht zu Unrecht wird, \u2026\u201c<\/p>\n<p>Wolfgang Pirker<\/p>\n","protected":false},"excerpt":{"rendered":"<p>Wenn Recht zu Unrecht wird, wird Widerstand zur Pflicht! Vielleicht hat man uns untersch\u00e4tzt. Wussten weite Teile der Bev\u00f6lkerung Anfang Juli 2017 noch recht wenig \u00fcber das im September 2016 beim Land O\u00d6 eingereichte Projekt der Baurestmassendeponie, so entwickelte sich unser Verein ZUKUNFT WALDZELL innerhalb weniger Monate zur Informationsdrehscheibe und Zentrale des Widerstandes.<\/p>\n","protected":false},"author":2,"featured_media":0,"comment_status":"closed","ping_status":"closed","sticky":false,"template":"","format":"aside","meta":{"footnotes":""},"categories":[8],"tags":[],"class_list":["post-131","post","type-post","status-publish","format-aside","hentry","category-trinkwasser","post_format-post-format-aside"],"_links":{"self":[{"href":"https:\/\/gruenspecht.at\/gastbeitraege\/wp-json\/wp\/v2\/posts\/131","targetHints":{"allow":["GET"]}}],"collection":[{"href":"https:\/\/gruenspecht.at\/gastbeitraege\/wp-json\/wp\/v2\/posts"}],"about":[{"href":"https:\/\/gruenspecht.at\/gastbeitraege\/wp-json\/wp\/v2\/types\/post"}],"author":[{"embeddable":true,"href":"https:\/\/gruenspecht.at\/gastbeitraege\/wp-json\/wp\/v2\/users\/2"}],"replies":[{"embeddable":true,"href":"https:\/\/gruenspecht.at\/gastbeitraege\/wp-json\/wp\/v2\/comments?post=131"}],"version-history":[{"count":2,"href":"https:\/\/gruenspecht.at\/gastbeitraege\/wp-json\/wp\/v2\/posts\/131\/revisions"}],"predecessor-version":[{"id":135,"href":"https:\/\/gruenspecht.at\/gastbeitraege\/wp-json\/wp\/v2\/posts\/131\/revisions\/135"}],"wp:attachment":[{"href":"https:\/\/gruenspecht.at\/gastbeitraege\/wp-json\/wp\/v2\/media?parent=131"}],"wp:term":[{"taxonomy":"category","embeddable":true,"href":"https:\/\/gruenspecht.at\/gastbeitraege\/wp-json\/wp\/v2\/categories?post=131"},{"taxonomy":"post_tag","embeddable":true,"href":"https:\/\/gruenspecht.at\/gastbeitraege\/wp-json\/wp\/v2\/tags?post=131"}],"curies":[{"name":"wp","href":"https:\/\/api.w.org\/{rel}","templated":true}]}}