{"id":104,"date":"2018-04-11T20:21:29","date_gmt":"2018-04-11T18:21:29","guid":{"rendered":"https:\/\/gruenspecht.at\/gastbeitraege\/?p=104"},"modified":"2018-04-12T08:38:42","modified_gmt":"2018-04-12T06:38:42","slug":"zukunft-trinkwasser-innviertel007","status":"publish","type":"post","link":"https:\/\/gruenspecht.at\/gastbeitraege\/2018\/04\/11\/zukunft-trinkwasser-innviertel007\/","title":{"rendered":"#zukunft-trinkwasser-innviertel007"},"content":{"rendered":"<p><img loading=\"lazy\" decoding=\"async\" class=\"aligncenter size-full wp-image-106\" src=\"https:\/\/gruenspecht.at\/gastbeitraege\/wp-content\/uploads\/sites\/2\/2018\/04\/trinkwasser007.1.jpg\" alt=\"Trinkwasser007\" width=\"850\" height=\"530\" srcset=\"https:\/\/gruenspecht.at\/gastbeitraege\/wp-content\/uploads\/sites\/2\/2018\/04\/trinkwasser007.1.jpg 850w, https:\/\/gruenspecht.at\/gastbeitraege\/wp-content\/uploads\/sites\/2\/2018\/04\/trinkwasser007.1-300x187.jpg 300w, https:\/\/gruenspecht.at\/gastbeitraege\/wp-content\/uploads\/sites\/2\/2018\/04\/trinkwasser007.1-768x479.jpg 768w\" sizes=\"auto, (max-width: 767px) 89vw, (max-width: 1000px) 54vw, (max-width: 1071px) 543px, 580px\" \/><\/p>\n<h1>Der Amtssachverst\u00e4ndige und die Politik.<\/h1>\n<h3>DI Johann Aschauer ist also Amtssachverst\u00e4ndiger. Das war er auch schon im Jahr 2002. Rudi Anschober (GR\u00dcNE), Elmar Podgorschek (FP\u00d6) und G\u00fcnter Steinkellner (FP\u00d6) sind Landesr\u00e4te. Das waren sie 2002 noch nicht. Michael Strugl (\u00d6VP) und Manfred Haimbuchner (FP\u00d6) sind Landeshauptmannstellvertreter. Das waren auch sie 2002 noch nicht. Und der \u00d6VP-Landeshauptmann hie\u00df damals nicht Thomas Stelzer.<\/h3>\n<p><!--more--><\/p>\n<figure id=\"attachment_107\" aria-describedby=\"caption-attachment-107\" style=\"width: 850px\" class=\"wp-caption aligncenter\"><img loading=\"lazy\" decoding=\"async\" class=\"size-full wp-image-107\" src=\"https:\/\/gruenspecht.at\/gastbeitraege\/wp-content\/uploads\/sites\/2\/2018\/04\/trinkwasser007.2.jpg\" alt=\"Trinkwasser007\" width=\"850\" height=\"435\" srcset=\"https:\/\/gruenspecht.at\/gastbeitraege\/wp-content\/uploads\/sites\/2\/2018\/04\/trinkwasser007.2.jpg 850w, https:\/\/gruenspecht.at\/gastbeitraege\/wp-content\/uploads\/sites\/2\/2018\/04\/trinkwasser007.2-300x154.jpg 300w, https:\/\/gruenspecht.at\/gastbeitraege\/wp-content\/uploads\/sites\/2\/2018\/04\/trinkwasser007.2-768x393.jpg 768w\" sizes=\"auto, (max-width: 767px) 89vw, (max-width: 1000px) 54vw, (max-width: 1071px) 543px, 580px\" \/><figcaption id=\"caption-attachment-107\" class=\"wp-caption-text\">Bild: wo ist die Lehmschicht?<\/figcaption><\/figure>\n<p>Und wir erinnern uns noch an Aschauers Forderung aus dem Jahr 2002, die sch\u00fctzende Lehmschicht in der Schottergrube zu schonen und sie auf keinen Fall anzugraben.<br \/>\nDoch was geschah?<br \/>\nAls die Firma Burgstaller 2011 die Erweiterung des Schotterabbaus von 4 auf 9,2 ha beantragte, war die Lehmschicht weg!<br \/>\nUnd derselbe Herr Aschauer stellte in seinem Gutachten pl\u00f6tzlich fest: \u201eDie Kiesgrube und die geplante Erweiterung liegen au\u00dferhalb wasserrechtlich besonders gesch\u00fctzter Gebiete und bei Einhaltung mehrerer Auflagen (z. B. Einhaltung des Abbauplans mit der Forderung, bei der Wiederverf\u00fcllung keinen grubenfremden Bodenaushub zuzuf\u00fchren) ist eine konkrete Beeintr\u00e4chtigung des Grundwassers nicht zu erwarten.\u201c Somit wurde die Erweiterung genehmigt.<br \/>\nAuch in der Verhandlungsschrift protokollierte Bef\u00fcrchtungen von mehreren Nachbarn, hier k\u00f6nnte eines Tages eine Baurestmassendeponie entstehen, wurden ignoriert.<br \/>\nDas war aber noch nicht der Gipfel der \u00dcberraschungen gutachterlicher \u201eQualit\u00e4tsarbeit\u201c. Dieser folgte 2017, als Herr Aschauer in einem Schreiben vom 2. August an Landesrat Podgorschek verk\u00fcndete, dass aus wasserwirtschaftlicher Sicht \u201edie Eignung des Deponiestandortes grunds\u00e4tzlich gegeben\u201c sei, soll hei\u00dfen, dass er den Standort f\u00fcr eine Baurestmassendeponie als geeignet betrachtet.<br \/>\nAls sich diese Nachricht in Waldzell verbreitete, lie\u00df sich der Widerstand nicht mehr bremsen. In der Erwartung, von politischen Entscheidungstr\u00e4gern nicht nur verstanden und bedauert, sondern von ihnen unterst\u00fctzt zu werden, trat man seitens des Vereins <a href=\"http:\/\/www.zukunftwaldzell.at\/\">ZUKUNFT WALDZELL<\/a> an viele Mandatare der im Landtag vertretenen Parteien heran, doch ernsthafte Unterst\u00fctzung erhielten wir nur von der SP\u00d6. Die meisten Antworten von \u00d6VP- und FP\u00d6-Politikern endeten mit dem Hinweis, dass der eigentlich Zust\u00e4ndige der gr\u00fcne Landesrat Rudi Anschober sei. Das war richtig und \u2013 wie sich noch herausstellen sollte \u2013 auch wieder nicht.<br \/>\nWer in der Landesregierung genau wof\u00fcr zust\u00e4ndig ist und wer \u00fcberhaupt welchen Einfluss auf Entscheidungen hat, ist f\u00fcr uns bis heute kaum zu beantworten.<\/p>\n<p>Wolfgang Pirker<\/p>\n","protected":false},"excerpt":{"rendered":"<p>Der Amtssachverst\u00e4ndige und die Politik. DI Johann Aschauer ist also Amtssachverst\u00e4ndiger. Das war er auch schon im Jahr 2002. Rudi Anschober (GR\u00dcNE), Elmar Podgorschek (FP\u00d6) und G\u00fcnter Steinkellner (FP\u00d6) sind Landesr\u00e4te. Das waren sie 2002 noch nicht. Michael Strugl (\u00d6VP) und Manfred Haimbuchner (FP\u00d6) sind Landeshauptmannstellvertreter. Das waren auch sie 2002 noch nicht. Und der &hellip; <\/p>\n<p class=\"link-more\"><a href=\"https:\/\/gruenspecht.at\/gastbeitraege\/2018\/04\/11\/zukunft-trinkwasser-innviertel007\/\" class=\"more-link\"><span class=\"screen-reader-text\">\u201e#zukunft-trinkwasser-innviertel007\u201c <\/span>weiterlesen<\/a><\/p>\n","protected":false},"author":2,"featured_media":0,"comment_status":"closed","ping_status":"closed","sticky":false,"template":"","format":"aside","meta":{"footnotes":""},"categories":[8],"tags":[],"class_list":["post-104","post","type-post","status-publish","format-aside","hentry","category-trinkwasser","post_format-post-format-aside"],"_links":{"self":[{"href":"https:\/\/gruenspecht.at\/gastbeitraege\/wp-json\/wp\/v2\/posts\/104","targetHints":{"allow":["GET"]}}],"collection":[{"href":"https:\/\/gruenspecht.at\/gastbeitraege\/wp-json\/wp\/v2\/posts"}],"about":[{"href":"https:\/\/gruenspecht.at\/gastbeitraege\/wp-json\/wp\/v2\/types\/post"}],"author":[{"embeddable":true,"href":"https:\/\/gruenspecht.at\/gastbeitraege\/wp-json\/wp\/v2\/users\/2"}],"replies":[{"embeddable":true,"href":"https:\/\/gruenspecht.at\/gastbeitraege\/wp-json\/wp\/v2\/comments?post=104"}],"version-history":[{"count":4,"href":"https:\/\/gruenspecht.at\/gastbeitraege\/wp-json\/wp\/v2\/posts\/104\/revisions"}],"predecessor-version":[{"id":111,"href":"https:\/\/gruenspecht.at\/gastbeitraege\/wp-json\/wp\/v2\/posts\/104\/revisions\/111"}],"wp:attachment":[{"href":"https:\/\/gruenspecht.at\/gastbeitraege\/wp-json\/wp\/v2\/media?parent=104"}],"wp:term":[{"taxonomy":"category","embeddable":true,"href":"https:\/\/gruenspecht.at\/gastbeitraege\/wp-json\/wp\/v2\/categories?post=104"},{"taxonomy":"post_tag","embeddable":true,"href":"https:\/\/gruenspecht.at\/gastbeitraege\/wp-json\/wp\/v2\/tags?post=104"}],"curies":[{"name":"wp","href":"https:\/\/api.w.org\/{rel}","templated":true}]}}