{"id":2708,"date":"2026-04-27T20:37:26","date_gmt":"2026-04-27T18:37:26","guid":{"rendered":"https:\/\/gruenspecht.at\/beitrag\/?p=2708"},"modified":"2026-04-27T20:40:52","modified_gmt":"2026-04-27T18:40:52","slug":"verkehr-046-alles-radlbar","status":"publish","type":"post","link":"https:\/\/gruenspecht.at\/beitrag\/2026\/04\/27\/verkehr-046-alles-radlbar\/","title":{"rendered":"#verkehr-046-alles-radlbar"},"content":{"rendered":"\n<figure class=\"wp-block-image size-full\"><img loading=\"lazy\" decoding=\"async\" width=\"850\" height=\"531\" src=\"https:\/\/gruenspecht.at\/beitrag\/wp-content\/uploads\/sites\/3\/2026\/04\/alles-radlbar.jpg\" alt=\"\" class=\"wp-image-2709\" srcset=\"https:\/\/gruenspecht.at\/beitrag\/wp-content\/uploads\/sites\/3\/2026\/04\/alles-radlbar.jpg 850w, https:\/\/gruenspecht.at\/beitrag\/wp-content\/uploads\/sites\/3\/2026\/04\/alles-radlbar-300x187.jpg 300w, https:\/\/gruenspecht.at\/beitrag\/wp-content\/uploads\/sites\/3\/2026\/04\/alles-radlbar-768x480.jpg 768w\" sizes=\"auto, (max-width: 767px) 89vw, (max-width: 1000px) 54vw, (max-width: 1071px) 543px, 580px\" \/><\/figure>\n\n\n\n<h2 class=\"wp-block-heading\"><strong>\u201eAlles radelbar \u2013 Mitten im Innviertel\u201c: Stadt Ried setzt auf nachhaltige Mobilit\u00e4t und st\u00e4rkt den regionalen Handel<\/strong><\/h2>\n\n\n\n<p>Die Initiative wird heuer von der FahrRad Beratung Ober\u00f6sterreich gemeinsam mit den Klima- und Energie-Modellregionen (KEM) Inn-Hausruck und Inn-Kobernau\u00dferwald sowie LEADER \u2013 Mitten im Innviertel umgesetzt. Ziel ist es, den regionalen Handel zu st\u00e4rken und gleichzeitig das Fahrrad als umweltfreundliches Verkehrsmittel im Alltag st\u00e4rker zu verankern.<\/p>\n\n\n\n<!--more-->\n\n\n\n<p>Stadtrat Mag. Lukas Oberwagner ist \u00fcberzeugt: \u201eGerade bei kurzen Wegen bietet das Fahrrad viele Vorteile: Es h\u00e4lt fit, spart Kosten und tr\u00e4gt wesentlich zum Klimaschutz bei. Die Aktion \u201eAlles radlbar\u201c schafft zus\u00e4tzlich einen Anreiz: Wer seine Eink\u00e4ufe mit dem Fahrrad erledigt, kann bei teilnehmenden Betrieben QR-Codes scannen und an einem Gewinnspiel mit attraktiven Preisen teilnehmen. Mit der Teilnahme setzt die Stadt Ried ein klares Zeichen f\u00fcr nachhaltige Mobilit\u00e4t und die St\u00e4rkung der regionalen Wirtschaft.<\/p>\n\n\n\n<p>Im Zuge der Umsetzung sind alle Riederinnen und Rieder eingeladen, sich aktiv einzubringen und die Aktion zu unterst\u00fctzen.<\/p>\n\n\n\n<ul class=\"wp-block-list\">\n<li>Die Stadtb\u00fccherei konnte bereits als Partner gewonnen werden<\/li>\n<\/ul>\n\n\n\n<hr class=\"wp-block-separator has-alpha-channel-opacity is-style-wide\"\/>\n\n\n\n<p>\u201eWenn du up to date bleiben m\u00f6chtest, abonniere unseren\u00a0<a href=\"https:\/\/gruenspecht.at\/newsletter-anmeldung\/\">Newsletter<\/a>\u201e<\/p>\n\n\n\n<hr class=\"wp-block-separator has-alpha-channel-opacity is-style-wide\"\/>\n\n\n\n<figure class=\"wp-block-image size-full\"><img loading=\"lazy\" decoding=\"async\" width=\"850\" height=\"165\" src=\"https:\/\/gruenspecht.at\/beitrag\/wp-content\/uploads\/sites\/3\/2021\/03\/join-the-green-team.jpg\" alt=\"join the green team\" class=\"wp-image-958\" srcset=\"https:\/\/gruenspecht.at\/beitrag\/wp-content\/uploads\/sites\/3\/2021\/03\/join-the-green-team.jpg 850w, https:\/\/gruenspecht.at\/beitrag\/wp-content\/uploads\/sites\/3\/2021\/03\/join-the-green-team-300x58.jpg 300w, https:\/\/gruenspecht.at\/beitrag\/wp-content\/uploads\/sites\/3\/2021\/03\/join-the-green-team-768x149.jpg 768w\" sizes=\"auto, (max-width: 767px) 89vw, (max-width: 1000px) 54vw, (max-width: 1071px) 543px, 580px\" \/><\/figure>\n","protected":false},"excerpt":{"rendered":"<p>\u201eAlles radelbar \u2013 Mitten im Innviertel\u201c: Stadt Ried setzt auf nachhaltige Mobilit\u00e4t und st\u00e4rkt den regionalen Handel Die Initiative wird heuer von der FahrRad Beratung Ober\u00f6sterreich gemeinsam mit den Klima- und Energie-Modellregionen (KEM) Inn-Hausruck und Inn-Kobernau\u00dferwald sowie LEADER \u2013 Mitten im Innviertel umgesetzt. Ziel ist es, den regionalen Handel zu st\u00e4rken und gleichzeitig das Fahrrad &hellip; <\/p>\n<p class=\"link-more\"><a href=\"https:\/\/gruenspecht.at\/beitrag\/2026\/04\/27\/verkehr-046-alles-radlbar\/\" class=\"more-link\"><span class=\"screen-reader-text\">\u201e#verkehr-046-alles-radlbar\u201c <\/span>weiterlesen<\/a><\/p>\n","protected":false},"author":1,"featured_media":0,"comment_status":"closed","ping_status":"closed","sticky":false,"template":"","format":"aside","meta":{"footnotes":""},"categories":[1],"tags":[],"class_list":["post-2708","post","type-post","status-publish","format-aside","hentry","category-allgemein","post_format-post-format-aside"],"_links":{"self":[{"href":"https:\/\/gruenspecht.at\/beitrag\/wp-json\/wp\/v2\/posts\/2708","targetHints":{"allow":["GET"]}}],"collection":[{"href":"https:\/\/gruenspecht.at\/beitrag\/wp-json\/wp\/v2\/posts"}],"about":[{"href":"https:\/\/gruenspecht.at\/beitrag\/wp-json\/wp\/v2\/types\/post"}],"author":[{"embeddable":true,"href":"https:\/\/gruenspecht.at\/beitrag\/wp-json\/wp\/v2\/users\/1"}],"replies":[{"embeddable":true,"href":"https:\/\/gruenspecht.at\/beitrag\/wp-json\/wp\/v2\/comments?post=2708"}],"version-history":[{"count":3,"href":"https:\/\/gruenspecht.at\/beitrag\/wp-json\/wp\/v2\/posts\/2708\/revisions"}],"predecessor-version":[{"id":2713,"href":"https:\/\/gruenspecht.at\/beitrag\/wp-json\/wp\/v2\/posts\/2708\/revisions\/2713"}],"wp:attachment":[{"href":"https:\/\/gruenspecht.at\/beitrag\/wp-json\/wp\/v2\/media?parent=2708"}],"wp:term":[{"taxonomy":"category","embeddable":true,"href":"https:\/\/gruenspecht.at\/beitrag\/wp-json\/wp\/v2\/categories?post=2708"},{"taxonomy":"post_tag","embeddable":true,"href":"https:\/\/gruenspecht.at\/beitrag\/wp-json\/wp\/v2\/tags?post=2708"}],"curies":[{"name":"wp","href":"https:\/\/api.w.org\/{rel}","templated":true}]}}