{"id":134,"date":"2018-05-15T19:30:35","date_gmt":"2018-05-15T17:30:35","guid":{"rendered":"https:\/\/gruenspecht.at\/beitrag\/?p=134"},"modified":"2018-05-15T19:53:52","modified_gmt":"2018-05-15T17:53:52","slug":"wirtschaft005","status":"publish","type":"post","link":"https:\/\/gruenspecht.at\/beitrag\/2018\/05\/15\/wirtschaft005\/","title":{"rendered":"#wirtschaft005"},"content":{"rendered":"<p><img loading=\"lazy\" decoding=\"async\" class=\"aligncenter size-full wp-image-135\" src=\"https:\/\/gruenspecht.at\/beitrag\/wp-content\/uploads\/sites\/3\/2018\/05\/wirtschaft005.1.jpg\" alt=\"Wirtschaft005\" width=\"850\" height=\"530\" srcset=\"https:\/\/gruenspecht.at\/beitrag\/wp-content\/uploads\/sites\/3\/2018\/05\/wirtschaft005.1.jpg 850w, https:\/\/gruenspecht.at\/beitrag\/wp-content\/uploads\/sites\/3\/2018\/05\/wirtschaft005.1-300x187.jpg 300w, https:\/\/gruenspecht.at\/beitrag\/wp-content\/uploads\/sites\/3\/2018\/05\/wirtschaft005.1-768x479.jpg 768w\" sizes=\"auto, (max-width: 767px) 89vw, (max-width: 1000px) 54vw, (max-width: 1071px) 543px, 580px\" \/><\/p>\n<h1>Industrie und Pflege und ein dummer Kinospot.<\/h1>\n<h3>International t\u00e4tige Industrieunternehmen investieren im Innviertel in die Schaffung von tausenden zukunftstr\u00e4chtigen Arbeits- und Ausbildungspl\u00e4tzen. Das nagelneue Pflegeheim in Eberschwang kann mangels Pflegekr\u00e4ften nur zu einem Viertel in Betrieb gehen. Und ein Werbespot der Freiheitlichen Jugend faselt \u00fcber Probleme, die verursacht w\u00fcrden durch zugewanderte Fachkr\u00e4fte, die von \u201eRot-Gr\u00fcn gew\u00fcnscht\u201c worden sein sollen.<\/h3>\n<p>Als Faktensammlung zwecks Meinungsbildung eines Innviertlers zum Thema \u201eZuzug ausl\u00e4ndischer Fachkr\u00e4fte\u201c war zuletzt das Lesen des Lokalteils der <a href=\"http:\/\/www.nachrichten.at\/nachrichten\/wirtschaft\/pegasus\/Das-Innviertel-raeumt-beim-Pegasus-2014-gross-ab;art155990,1410252\">O\u00d6N<\/a> sehr gut geeignet. Dort war zun\u00e4chst in den letzten Wochen zu lesen, dass Unternehmen wie FACC, KTM und ABB angek\u00fcndigt haben, in ihren Betrieben im Innviertel rund 2000 Arbeitspl\u00e4tze schaffen zu wollen. Man braucht nicht Volkswirtschaft studiert zu haben, um die positiven Impulse solcher Investitionen f\u00fcr den gesamten regionalen Wirtschaftsraum zumindest erahnen zu k\u00f6nnen. Stichworte: Zulieferbetriebe und Zusatzarbeitspl\u00e4tze, Lohnniveau und Kaufkraft. Nicht umsonst ist das Innviertel einer der st\u00e4rksten Industriemotoren \u00d6sterreichs mit einer der h\u00f6chsten landesweiten Wachstumsraten. Keine andere \u00f6sterreichische Region hat \u201edie Chancen der Globalisierung so gut mit regionalen St\u00e4rken verzahnt\u201c (Quelle: Trend 13\/2017. Dort gibt es auch die Zahlen, Daten und Fakten zu dieser Aussage im Detail).<!--more--><\/p>\n<figure id=\"attachment_139\" aria-describedby=\"caption-attachment-139\" style=\"width: 850px\" class=\"wp-caption aligncenter\"><img loading=\"lazy\" decoding=\"async\" class=\"size-full wp-image-139\" src=\"https:\/\/gruenspecht.at\/beitrag\/wp-content\/uploads\/sites\/3\/2018\/05\/wirtschaft005.2.jpg\" alt=\"Wirtschaft005\" width=\"850\" height=\"688\" srcset=\"https:\/\/gruenspecht.at\/beitrag\/wp-content\/uploads\/sites\/3\/2018\/05\/wirtschaft005.2.jpg 850w, https:\/\/gruenspecht.at\/beitrag\/wp-content\/uploads\/sites\/3\/2018\/05\/wirtschaft005.2-300x243.jpg 300w, https:\/\/gruenspecht.at\/beitrag\/wp-content\/uploads\/sites\/3\/2018\/05\/wirtschaft005.2-768x622.jpg 768w\" sizes=\"auto, (max-width: 767px) 89vw, (max-width: 1000px) 54vw, (max-width: 1071px) 543px, 580px\" \/><figcaption id=\"caption-attachment-139\" class=\"wp-caption-text\">Bild: <a href=\"https:\/\/www.facebook.com\/InnviertlerNachrichten\/posts\/1663337247096488\">https:\/\/www.facebook.com\/InnviertlerNachrichten\/posts\/1663337247096488 <\/a><\/figcaption><\/figure>\n<p>Zwischenbewertung dieser Fakten: Der Arbeitsmarkt der Region Innviertel \u2013 mit den beiden aufgezeigten Beispielen Industrie und Pflege\u2013 zieht internationale Arbeitskr\u00e4fte an. Und es ist egal, ob das der Freiheitlichen Jugend passt oder nicht. Aus demographischen Gr\u00fcnden ist die Zuwanderung von ausl\u00e4ndischen Fachkr\u00e4ften schlicht eine unbedingte Notwendigkeit. Die Wandlung des Innviertels von einer ehemaligen Krisenregion in eine \u00f6sterreichische Boom-Zone w\u00e4re ohne ausl\u00e4ndische Fachkr\u00e4fte unm\u00f6glich gewesen.<br \/>\nWarum man das festhalten muss? Nun, weil in den O\u00d6N eben auch zu lesen war, dass sich Kinobetreiber in O\u00d6 weigern, einen Werbespot der Freiheitlichen Jugend zu zeigen, mit dem gegen die Zuwanderung kampagnisiert und stattdessen die F\u00f6rderung der Ausbildung der \u201eeigenen Jugend\u201c gefordert wird.<br \/>\nDer Gr\u00fcnspecht meint: Das Innviertel wird beides brauchen. Zuwanderung und Ausbildung. Und der Gr\u00fcnspecht fragt sich, was wohl der in den O\u00d6N zitierte Chef von ABB zu dem Spot der Freiheitlichen Jugend, in dem Flucht- und Arbeitsmigration vermischt werden, sagen wird. Dieser Manager hat n\u00e4mlich aus Anlass der Ank\u00fcndigung, sein Unternehmen werde 100 Millionen investieren und 1000 neue Arbeits- und Ausbildungspl\u00e4tze in einem Innviertler \u201eSilicon Valley der Industrieautomation\u201c schaffen, \u201eein offenes \u00d6sterreich\u201c gefordert, \u201ein dem sich internationale Fachkr\u00e4fte wohlf\u00fchlen\u201c. Hoffentlich gehen die ausl\u00e4ndischen Fachkr\u00e4fte, die \u00fcber unsere Wirtschaft oder zur Pflege in unsere Region kommen, nicht in ein Kino, in dem der dumme Spot der Freiheitlichen Jugend gezeigt wird. Von wegen Wohl- und Willkommenf\u00fchlen!<\/p>\n<p>&nbsp;<\/p>\n","protected":false},"excerpt":{"rendered":"<p>Industrie und Pflege und ein dummer Kinospot. International t\u00e4tige Industrieunternehmen investieren im Innviertel in die Schaffung von tausenden zukunftstr\u00e4chtigen Arbeits- und Ausbildungspl\u00e4tzen. Das nagelneue Pflegeheim in Eberschwang kann mangels Pflegekr\u00e4ften nur zu einem Viertel in Betrieb gehen. Und ein Werbespot der Freiheitlichen Jugend faselt \u00fcber Probleme, die verursacht w\u00fcrden durch zugewanderte Fachkr\u00e4fte, die von \u201eRot-Gr\u00fcn &hellip; <\/p>\n<p class=\"link-more\"><a href=\"https:\/\/gruenspecht.at\/beitrag\/2018\/05\/15\/wirtschaft005\/\" class=\"more-link\"><span class=\"screen-reader-text\">\u201e#wirtschaft005\u201c <\/span>weiterlesen<\/a><\/p>\n","protected":false},"author":3,"featured_media":0,"comment_status":"closed","ping_status":"closed","sticky":false,"template":"","format":"aside","meta":{"footnotes":""},"categories":[17],"tags":[],"class_list":["post-134","post","type-post","status-publish","format-aside","hentry","category-wirtschaft-innviertel","post_format-post-format-aside"],"_links":{"self":[{"href":"https:\/\/gruenspecht.at\/beitrag\/wp-json\/wp\/v2\/posts\/134","targetHints":{"allow":["GET"]}}],"collection":[{"href":"https:\/\/gruenspecht.at\/beitrag\/wp-json\/wp\/v2\/posts"}],"about":[{"href":"https:\/\/gruenspecht.at\/beitrag\/wp-json\/wp\/v2\/types\/post"}],"author":[{"embeddable":true,"href":"https:\/\/gruenspecht.at\/beitrag\/wp-json\/wp\/v2\/users\/3"}],"replies":[{"embeddable":true,"href":"https:\/\/gruenspecht.at\/beitrag\/wp-json\/wp\/v2\/comments?post=134"}],"version-history":[{"count":6,"href":"https:\/\/gruenspecht.at\/beitrag\/wp-json\/wp\/v2\/posts\/134\/revisions"}],"predecessor-version":[{"id":144,"href":"https:\/\/gruenspecht.at\/beitrag\/wp-json\/wp\/v2\/posts\/134\/revisions\/144"}],"wp:attachment":[{"href":"https:\/\/gruenspecht.at\/beitrag\/wp-json\/wp\/v2\/media?parent=134"}],"wp:term":[{"taxonomy":"category","embeddable":true,"href":"https:\/\/gruenspecht.at\/beitrag\/wp-json\/wp\/v2\/categories?post=134"},{"taxonomy":"post_tag","embeddable":true,"href":"https:\/\/gruenspecht.at\/beitrag\/wp-json\/wp\/v2\/tags?post=134"}],"curies":[{"name":"wp","href":"https:\/\/api.w.org\/{rel}","templated":true}]}}