{"id":113,"date":"2018-04-22T09:02:48","date_gmt":"2018-04-22T07:02:48","guid":{"rendered":"https:\/\/gruenspecht.at\/beitrag\/?p=113"},"modified":"2018-04-22T09:05:33","modified_gmt":"2018-04-22T07:05:33","slug":"wirtschaft004","status":"publish","type":"post","link":"https:\/\/gruenspecht.at\/beitrag\/2018\/04\/22\/wirtschaft004\/","title":{"rendered":"#wirtschaft004"},"content":{"rendered":"<p><img loading=\"lazy\" decoding=\"async\" class=\"aligncenter size-full wp-image-114\" src=\"https:\/\/gruenspecht.at\/beitrag\/wp-content\/uploads\/sites\/3\/2018\/04\/wirtschaft004.2.jpg\" alt=\"Wirtschaft004\" width=\"850\" height=\"530\" srcset=\"https:\/\/gruenspecht.at\/beitrag\/wp-content\/uploads\/sites\/3\/2018\/04\/wirtschaft004.2.jpg 850w, https:\/\/gruenspecht.at\/beitrag\/wp-content\/uploads\/sites\/3\/2018\/04\/wirtschaft004.2-300x187.jpg 300w, https:\/\/gruenspecht.at\/beitrag\/wp-content\/uploads\/sites\/3\/2018\/04\/wirtschaft004.2-768x479.jpg 768w\" sizes=\"auto, (max-width: 767px) 89vw, (max-width: 1000px) 54vw, (max-width: 1071px) 543px, 580px\" \/><\/p>\n<h1>&#8220;Willkommen Standort Ried&#8221;.<\/h1>\n<h3>Bravo!!! Das Regionalmanagement Ober\u00f6sterreich verwirklicht ein Willkommensprojekt in Ried.<br \/>\nArbeitskr\u00e4fte sollen gefunden und gehalten werden. Dazu bedarf es einer Willkommenskultur, bei der sowohl Gemeinden als auch Unternehmen zusammenarbeiten und einander unterst\u00fctzen.<\/h3>\n<p><!--more--><br \/>\nDies ist auch bitter notwendig, denn Linz und Wien haben gemeinsam dem Innviertel einen Standort f\u00fcr eine Fachhochschule verweigert. Die Herausforderung liegt nun darin, jene f\u00fcr eine Ausbildung in den Zentralraum abgewanderten jungen Menschen zur\u00fcckzuholen und zu halten.<\/p>\n<figure id=\"attachment_115\" aria-describedby=\"caption-attachment-115\" style=\"width: 850px\" class=\"wp-caption aligncenter\"><img loading=\"lazy\" decoding=\"async\" class=\"size-full wp-image-115\" src=\"https:\/\/gruenspecht.at\/beitrag\/wp-content\/uploads\/sites\/3\/2018\/04\/wirtschaft004.1.jpg\" alt=\"Wirtschaft004\" width=\"850\" height=\"450\" srcset=\"https:\/\/gruenspecht.at\/beitrag\/wp-content\/uploads\/sites\/3\/2018\/04\/wirtschaft004.1.jpg 850w, https:\/\/gruenspecht.at\/beitrag\/wp-content\/uploads\/sites\/3\/2018\/04\/wirtschaft004.1-300x159.jpg 300w, https:\/\/gruenspecht.at\/beitrag\/wp-content\/uploads\/sites\/3\/2018\/04\/wirtschaft004.1-768x407.jpg 768w\" sizes=\"auto, (max-width: 767px) 89vw, (max-width: 1000px) 54vw, (max-width: 1071px) 543px, 580px\" \/><figcaption id=\"caption-attachment-115\" class=\"wp-caption-text\">Bild: Gr\u00fcnspecht &#8211; Landflucht ist weiblich!<\/figcaption><\/figure>\n<p>4 Rieder Unternehmen (FACC, L\u00f6ffler, Team 7 und Wintersteiger) haben bereits ihr Interesse an einem Austausch mit der Stadt Ried angemeldet.<br \/>\nAm Ende des Willkommens-Checkprozesses werden vom Regionalmanagement O\u00d6 Handlungsempfehlungen pr\u00e4sentiert.<br \/>\nInsbesondere f\u00fcr M\u00e4dchen und Frauen wird das Ergebnis spannend sein. Und sie werden darauf hoffen, dass es gen\u00fcgend Anreize gibt, um in Ried und Umgebung zu bleiben.<br \/>\nDenn Landflucht ist weiblich! Sie nehmen die n\u00e4chste Generation mit, wenn die infrastrukturellen Rahmenbedingungen f\u00fcr die Vereinbarkeit von Familie und Beruf nicht stimmen.<br \/>\nDazu brauchen junge Frauen vor allem aber auch attraktive, regionale Ausbildungsm\u00f6glichkeiten abseits der Fokussierung auf technische Berufe \u2013 hier w\u00fcrde sich etwa eine Kooperation mit den Fachhochschulen f\u00fcr Gesundheitsberufe und dem Rieder Krankenhaus anbieten.<\/p>\n","protected":false},"excerpt":{"rendered":"<p>&#8220;Willkommen Standort Ried&#8221;. Bravo!!! Das Regionalmanagement Ober\u00f6sterreich verwirklicht ein Willkommensprojekt in Ried. Arbeitskr\u00e4fte sollen gefunden und gehalten werden. Dazu bedarf es einer Willkommenskultur, bei der sowohl Gemeinden als auch Unternehmen zusammenarbeiten und einander unterst\u00fctzen.<\/p>\n","protected":false},"author":3,"featured_media":0,"comment_status":"closed","ping_status":"closed","sticky":false,"template":"","format":"aside","meta":{"footnotes":""},"categories":[12],"tags":[],"class_list":["post-113","post","type-post","status-publish","format-aside","hentry","category-wirtschaft-ried","post_format-post-format-aside"],"_links":{"self":[{"href":"https:\/\/gruenspecht.at\/beitrag\/wp-json\/wp\/v2\/posts\/113","targetHints":{"allow":["GET"]}}],"collection":[{"href":"https:\/\/gruenspecht.at\/beitrag\/wp-json\/wp\/v2\/posts"}],"about":[{"href":"https:\/\/gruenspecht.at\/beitrag\/wp-json\/wp\/v2\/types\/post"}],"author":[{"embeddable":true,"href":"https:\/\/gruenspecht.at\/beitrag\/wp-json\/wp\/v2\/users\/3"}],"replies":[{"embeddable":true,"href":"https:\/\/gruenspecht.at\/beitrag\/wp-json\/wp\/v2\/comments?post=113"}],"version-history":[{"count":1,"href":"https:\/\/gruenspecht.at\/beitrag\/wp-json\/wp\/v2\/posts\/113\/revisions"}],"predecessor-version":[{"id":116,"href":"https:\/\/gruenspecht.at\/beitrag\/wp-json\/wp\/v2\/posts\/113\/revisions\/116"}],"wp:attachment":[{"href":"https:\/\/gruenspecht.at\/beitrag\/wp-json\/wp\/v2\/media?parent=113"}],"wp:term":[{"taxonomy":"category","embeddable":true,"href":"https:\/\/gruenspecht.at\/beitrag\/wp-json\/wp\/v2\/categories?post=113"},{"taxonomy":"post_tag","embeddable":true,"href":"https:\/\/gruenspecht.at\/beitrag\/wp-json\/wp\/v2\/tags?post=113"}],"curies":[{"name":"wp","href":"https:\/\/api.w.org\/{rel}","templated":true}]}}