{"id":102,"date":"2018-04-16T15:12:45","date_gmt":"2018-04-16T13:12:45","guid":{"rendered":"https:\/\/gruenspecht.at\/beitrag\/?p=102"},"modified":"2018-08-28T21:17:38","modified_gmt":"2018-08-28T19:17:38","slug":"begegnungszone001","status":"publish","type":"post","link":"https:\/\/gruenspecht.at\/beitrag\/2018\/04\/16\/begegnungszone001\/","title":{"rendered":"#begegnungszone001"},"content":{"rendered":"<p><img loading=\"lazy\" decoding=\"async\" class=\"aligncenter size-full wp-image-107\" src=\"https:\/\/gruenspecht.at\/beitrag\/wp-content\/uploads\/sites\/3\/2018\/04\/begegnungszone1.0-1.jpg\" alt=\"Begegnungszone001\" width=\"850\" height=\"530\" srcset=\"https:\/\/gruenspecht.at\/beitrag\/wp-content\/uploads\/sites\/3\/2018\/04\/begegnungszone1.0-1.jpg 850w, https:\/\/gruenspecht.at\/beitrag\/wp-content\/uploads\/sites\/3\/2018\/04\/begegnungszone1.0-1-300x187.jpg 300w, https:\/\/gruenspecht.at\/beitrag\/wp-content\/uploads\/sites\/3\/2018\/04\/begegnungszone1.0-1-768x479.jpg 768w\" sizes=\"auto, (max-width: 767px) 89vw, (max-width: 1000px) 54vw, (max-width: 1071px) 543px, 580px\" \/><br \/>\n<strong><\/p>\n<h1>Wenn der Sandmann kommen muss, damit das Sandm\u00e4nnchen kommen kann.<\/h1>\n<p><\/strong><\/p>\n<h3>Es \u201eklackert\u201c in der Rieder Innenstadt. In der letzten Sitzung des Rieder Gemeinderats waren sogenannte \u201eSchallemissionen auf die Nachbarh\u00e4user\u201c \u2013 konkret beschrieben als \u201eKlackern\u201c in der Begegnungszone ein Thema. So wie es aussieht, werden Bauhofarbeiter auch in Zukunft die frisch gepflasterten Stra\u00dfen Rieds flei\u00dfig mit Sand b\u00fcrsten m\u00fcssen, damit bei den Anrainern des Stadtzentrums das Sandm\u00e4nnchen eine Chance hat, Schlaf zu bringen.<\/h3>\n<p><!--more--><\/p>\n<figure id=\"attachment_104\" aria-describedby=\"caption-attachment-104\" style=\"width: 850px\" class=\"wp-caption aligncenter\"><img loading=\"lazy\" decoding=\"async\" class=\"size-full wp-image-104\" src=\"https:\/\/gruenspecht.at\/beitrag\/wp-content\/uploads\/sites\/3\/2018\/04\/begegnungszone001.2.jpg\" alt=\"Begegungszone001.2\" width=\"850\" height=\"530\" srcset=\"https:\/\/gruenspecht.at\/beitrag\/wp-content\/uploads\/sites\/3\/2018\/04\/begegnungszone001.2.jpg 850w, https:\/\/gruenspecht.at\/beitrag\/wp-content\/uploads\/sites\/3\/2018\/04\/begegnungszone001.2-300x187.jpg 300w, https:\/\/gruenspecht.at\/beitrag\/wp-content\/uploads\/sites\/3\/2018\/04\/begegnungszone001.2-768x479.jpg 768w\" sizes=\"auto, (max-width: 767px) 89vw, (max-width: 1000px) 54vw, (max-width: 1071px) 543px, 580px\" \/><figcaption id=\"caption-attachment-104\" class=\"wp-caption-text\">Bild: Gr\u00fcnspecht &#8211; Pflasterung Begegnungszone<\/figcaption><\/figure>\n<p>2 Baufirmen haben das Pflaster der Rieder Begegnungszone verlegt. Mit beiden hatte die Stadt Ried ein juristisches H\u00fchnchen zu rupfen \u2013 ebenso m\u00f6glicherweise mit der Planungsfirma. Der Streitpunkt: die verlegten Steine lockerten sich und begannen zu \u201eklackern\u201c, wie es im Amtsvortrag des Rechtsausschusses an den Gemeinderat hei\u00dft. Au\u00dferdem traten Sch\u00e4den auf, die saniert werden m\u00fcssen. Und warum lockern sich die verlegten Steine? Weil sich das Fugenmaterial verfl\u00fcchtigt hatte, so die befragten Sachverst\u00e4ndigen. Das war nun keine sehr gro\u00dfe \u00dcberraschung f\u00fcr aufmerksame Beobachter, die sich an die mit Silikonkartuschen hantierenden Bauarbeiter erinnern, die um den Fertigstellungstermin herum auf Knien die Fugen der Begegnungszone wochenlang immer wieder bearbeiteten.<br \/>\nUnd wie soll das Problem nach Ansicht der Sachverst\u00e4ndigen gel\u00f6st werden? Kurz und b\u00fcndig mit einem Wort: Sand. Und zwar offensichtlich viel Sand. Und immer wieder Sand. Denn einmaliges Bef\u00fcllen der Fugen mit Sand wird keine ausreichende Ma\u00dfnahme sein, wie eine der Baufirmen warnt. Und die andere weist darauf hin, dass die Stadt selbst \u2013 und nur die Stadt &#8211; f\u00fcr das \u201eNachsanden\u201c der Fugen, wenn sich der neue Fugensand wieder verfl\u00fcchtigt, verantwortlich sei. Eine juristische Einigung mit den Baufirmen scheint m\u00f6glich, ob der Planer noch zum Handkuss kommt, blieb im Gemeinderat offen.<br \/>\nSicher ist nur: An den Sandm\u00e4nnern des Rieder Bauhofes f\u00fchrt noch l\u00e4ngere Zeit kein Weg vorbei, wenn es um den Schlaf der Begegnungszonen-Anrainer geht. In diesen Fugen wird wohl noch viel Sand verrieseln.<\/p>\n","protected":false},"excerpt":{"rendered":"<p>Wenn der Sandmann kommen muss, damit das Sandm\u00e4nnchen kommen kann. Es \u201eklackert\u201c in der Rieder Innenstadt. In der letzten Sitzung des Rieder Gemeinderats waren sogenannte \u201eSchallemissionen auf die Nachbarh\u00e4user\u201c \u2013 konkret beschrieben als \u201eKlackern\u201c in der Begegnungszone ein Thema. So wie es aussieht, werden Bauhofarbeiter auch in Zukunft die frisch gepflasterten Stra\u00dfen Rieds flei\u00dfig mit &hellip; <\/p>\n<p class=\"link-more\"><a href=\"https:\/\/gruenspecht.at\/beitrag\/2018\/04\/16\/begegnungszone001\/\" class=\"more-link\"><span class=\"screen-reader-text\">\u201e#begegnungszone001\u201c <\/span>weiterlesen<\/a><\/p>\n","protected":false},"author":3,"featured_media":0,"comment_status":"closed","ping_status":"closed","sticky":false,"template":"","format":"aside","meta":{"footnotes":""},"categories":[15],"tags":[],"class_list":["post-102","post","type-post","status-publish","format-aside","hentry","category-begegnungszone","post_format-post-format-aside"],"_links":{"self":[{"href":"https:\/\/gruenspecht.at\/beitrag\/wp-json\/wp\/v2\/posts\/102","targetHints":{"allow":["GET"]}}],"collection":[{"href":"https:\/\/gruenspecht.at\/beitrag\/wp-json\/wp\/v2\/posts"}],"about":[{"href":"https:\/\/gruenspecht.at\/beitrag\/wp-json\/wp\/v2\/types\/post"}],"author":[{"embeddable":true,"href":"https:\/\/gruenspecht.at\/beitrag\/wp-json\/wp\/v2\/users\/3"}],"replies":[{"embeddable":true,"href":"https:\/\/gruenspecht.at\/beitrag\/wp-json\/wp\/v2\/comments?post=102"}],"version-history":[{"count":6,"href":"https:\/\/gruenspecht.at\/beitrag\/wp-json\/wp\/v2\/posts\/102\/revisions"}],"predecessor-version":[{"id":267,"href":"https:\/\/gruenspecht.at\/beitrag\/wp-json\/wp\/v2\/posts\/102\/revisions\/267"}],"wp:attachment":[{"href":"https:\/\/gruenspecht.at\/beitrag\/wp-json\/wp\/v2\/media?parent=102"}],"wp:term":[{"taxonomy":"category","embeddable":true,"href":"https:\/\/gruenspecht.at\/beitrag\/wp-json\/wp\/v2\/categories?post=102"},{"taxonomy":"post_tag","embeddable":true,"href":"https:\/\/gruenspecht.at\/beitrag\/wp-json\/wp\/v2\/tags?post=102"}],"curies":[{"name":"wp","href":"https:\/\/api.w.org\/{rel}","templated":true}]}}